{"id":3241,"date":"2025-05-12T21:15:00","date_gmt":"2025-05-12T19:15:00","guid":{"rendered":"https:\/\/freiheit-liberte.ch\/?p=3241"},"modified":"2025-05-12T18:18:52","modified_gmt":"2025-05-12T16:18:52","slug":"rostiger-paragraph-2025-waffenverbot-fuer-polizisten-als-absurdester-vorstoss","status":"publish","type":"post","link":"https:\/\/freiheit-liberte.ch\/fr_fr\/rostiger-paragraph-2025-waffenverbot-fuer-polizisten-als-absurdester-vorstoss\/","title":{"rendered":"Rostiger Paragraph 2025: Waffenverbot f\u00fcr Polizisten als absurdester Vorstoss"},"content":{"rendered":"<p>Bereits zum 19. Mal hat die IG Freiheit den \u00abRostigen Paragraphen\u00bb verliehen \u2013 eine symbolische Troph\u00e4e f\u00fcr das d\u00fcmmste Gesetz, den unn\u00f6tigsten Vorstoss oder das skurrilste und b\u00fcrokratischste Projekt des Jahres. Dieses Jahr geht der Preis nach Lausanne, wo Gemeinderat Ilias Panchard gefordert hat, den Stadtpolizisten das Tragen einer Waffe zu verbieten.<\/p>\n\n\n\n<p><\/p>\n\n\n\n<p><a href=\"https:\/\/freiheit-liberte.ch\/wp-content\/uploads\/2025\/05\/250512_Rostiger-Paragraph-2025_Waffenverbot-fuer-Polizisten-als-absurdester-Vorstoss_dt_web.pdf\" target=\"_blank\" rel=\"noreferrer noopener\">Laden Sie hier die deutsche Medienmitteilung herunter<\/a><\/p>\n\n\n\n<p><a href=\"https:\/\/freiheit-liberte.ch\/wp-content\/uploads\/2025\/05\/250512_MM_Paragraphe-rouille-2025_Linterdiction-des-armes-pour-les-policiers-la-proposition-la-plus-absurde_web.pdf\" target=\"_blank\" rel=\"noreferrer noopener\">T\u00e9l\u00e9chargez ici le communiqu\u00e9 de presse en fran\u00e7ais<\/a><\/p>","protected":false},"excerpt":{"rendered":"<p>Bereits zum 19. Mal hat die IG Freiheit den \u00abRostigen Paragraphen\u00bb verliehen \u2013 eine symbolische Troph\u00e4e f\u00fcr das d\u00fcmmste Gesetz, den unn\u00f6tigsten Vorstoss oder das skurrilste und b\u00fcrokratischste Projekt des Jahres. Dieses Jahr geht der Preis nach Lausanne, wo Gemeinderat Ilias Panchard gefordert hat, den Stadtpolizisten das Tragen einer Waffe zu verbieten. Laden Sie hier [&hellip;]<\/p>\n","protected":false},"author":2,"featured_media":0,"comment_status":"closed","ping_status":"closed","sticky":false,"template":"","format":"standard","meta":{"_acf_changed":false,"_seopress_robots_primary_cat":"none","_seopress_titles_title":"","_seopress_titles_desc":"","_seopress_robots_index":"","footnotes":"","_links_to":"","_links_to_target":""},"categories":[1],"tags":[],"class_list":["post-3241","post","type-post","status-publish","format-standard","hentry","category-uncategorized"],"acf":[],"_links":{"self":[{"href":"https:\/\/freiheit-liberte.ch\/fr_fr\/wp-json\/wp\/v2\/posts\/3241","targetHints":{"allow":["GET"]}}],"collection":[{"href":"https:\/\/freiheit-liberte.ch\/fr_fr\/wp-json\/wp\/v2\/posts"}],"about":[{"href":"https:\/\/freiheit-liberte.ch\/fr_fr\/wp-json\/wp\/v2\/types\/post"}],"author":[{"embeddable":true,"href":"https:\/\/freiheit-liberte.ch\/fr_fr\/wp-json\/wp\/v2\/users\/2"}],"replies":[{"embeddable":true,"href":"https:\/\/freiheit-liberte.ch\/fr_fr\/wp-json\/wp\/v2\/comments?post=3241"}],"version-history":[{"count":1,"href":"https:\/\/freiheit-liberte.ch\/fr_fr\/wp-json\/wp\/v2\/posts\/3241\/revisions"}],"predecessor-version":[{"id":3244,"href":"https:\/\/freiheit-liberte.ch\/fr_fr\/wp-json\/wp\/v2\/posts\/3241\/revisions\/3244"}],"wp:attachment":[{"href":"https:\/\/freiheit-liberte.ch\/fr_fr\/wp-json\/wp\/v2\/media?parent=3241"}],"wp:term":[{"taxonomy":"category","embeddable":true,"href":"https:\/\/freiheit-liberte.ch\/fr_fr\/wp-json\/wp\/v2\/categories?post=3241"},{"taxonomy":"post_tag","embeddable":true,"href":"https:\/\/freiheit-liberte.ch\/fr_fr\/wp-json\/wp\/v2\/tags?post=3241"}],"curies":[{"name":"wp","href":"https:\/\/api.w.org\/{rel}","templated":true}]}}