{"id":291,"date":"2022-04-22T21:31:00","date_gmt":"2022-04-22T19:31:00","guid":{"rendered":"https:\/\/freiheit-liberte.ch\/?p=291"},"modified":"2023-09-19T21:32:12","modified_gmt":"2023-09-19T19:32:12","slug":"kandidaten-fuer-den-rostigen-paragraphen-2022-stehen-fest","status":"publish","type":"post","link":"https:\/\/freiheit-liberte.ch\/fr_fr\/kandidaten-fuer-den-rostigen-paragraphen-2022-stehen-fest\/","title":{"rendered":"Les candidats au Paragraphe rouill\u00e9 2022 sont nomin\u00e9s"},"content":{"rendered":"<p>Pour la 16e fois d\u00e9j\u00e0 la CI Priorit\u00e9 Libert\u00e9 d\u00e9cerne son \"Paragraphe rouill\u00e9\" qui distingue la loi la plus inutile, l'intervention la plus insens\u00e9e ou la d\u00e9cision la plus bureaucratique de l'ann\u00e9e pr\u00e9c\u00e9dente. La remise du prix aura lieu cette ann\u00e9e le 19 mai. Comme de coutume, le comit\u00e9 de la CI Priorit\u00e9 Libert\u00e9 a nomin\u00e9 cinq candidats au \"Paragraphe rouill\u00e9\". Le gagnant sera d\u00e9sign\u00e9 d'ici \u00e0 la mi-mai dans le cadre d'un vote sur l'internet.\n\nT\u00e9l\u00e9chargez ici le communiqu\u00e9 de presse:&nbsp;<\/p>\n\n\n\n<p>T\u00e9l\u00e9chargez ici le communiqu\u00e9 de presse:<\/p>\n\n\n\n<h2 class=\"wp-block-heading\">Ressources li\u00e9es<\/h2>\n\n\n\n<ul class=\"wp-block-list\">\n<li><a href=\"\/wp-content\/uploads\/2023\/09\/220421_Medienmitteilung-Nominationen-Rostigen-Paragraphen-2022.pdf\" target=\"_blank\" rel=\"noreferrer noopener\">220421_Medienmitteilung-Nominationen-Rostigen-Paragraphen-2022.pdf<\/a> 90 KB<\/li>\n<\/ul>","protected":false},"excerpt":{"rendered":"<p>Bereits zum 16. Mal verleiht die IG Freiheit den \u00abRostigen Paragraphen\u00bb f\u00fcr das unn\u00f6tigste&nbsp;Gesetz, den unsinnigsten Vorstoss oder den b\u00fcrokratischsten Entscheid des vergangenen&nbsp;Jahres. Die diesj\u00e4hrige Preisverleihung findet am 19. Mai statt. Der Vorstand der IG Freiheit&nbsp;hat wiederum f\u00fcnf Anw\u00e4rter f\u00fcr den \u00abRostigen Paragraphen\u00bb nominiert. Bis Mitte Mai entscheidet sich im Rahmen eines Internet-Votings, wer die [&hellip;]<\/p>\n","protected":false},"author":1,"featured_media":0,"comment_status":"closed","ping_status":"closed","sticky":false,"template":"","format":"standard","meta":{"_acf_changed":false,"_seopress_robots_primary_cat":"none","_seopress_titles_title":"","_seopress_titles_desc":"","_seopress_robots_index":"","footnotes":"","_links_to":"","_links_to_target":""},"categories":[1],"tags":[],"class_list":["post-291","post","type-post","status-publish","format-standard","hentry","category-uncategorized"],"acf":[],"_links":{"self":[{"href":"https:\/\/freiheit-liberte.ch\/fr_fr\/wp-json\/wp\/v2\/posts\/291","targetHints":{"allow":["GET"]}}],"collection":[{"href":"https:\/\/freiheit-liberte.ch\/fr_fr\/wp-json\/wp\/v2\/posts"}],"about":[{"href":"https:\/\/freiheit-liberte.ch\/fr_fr\/wp-json\/wp\/v2\/types\/post"}],"author":[{"embeddable":true,"href":"https:\/\/freiheit-liberte.ch\/fr_fr\/wp-json\/wp\/v2\/users\/1"}],"replies":[{"embeddable":true,"href":"https:\/\/freiheit-liberte.ch\/fr_fr\/wp-json\/wp\/v2\/comments?post=291"}],"version-history":[{"count":1,"href":"https:\/\/freiheit-liberte.ch\/fr_fr\/wp-json\/wp\/v2\/posts\/291\/revisions"}],"predecessor-version":[{"id":295,"href":"https:\/\/freiheit-liberte.ch\/fr_fr\/wp-json\/wp\/v2\/posts\/291\/revisions\/295"}],"wp:attachment":[{"href":"https:\/\/freiheit-liberte.ch\/fr_fr\/wp-json\/wp\/v2\/media?parent=291"}],"wp:term":[{"taxonomy":"category","embeddable":true,"href":"https:\/\/freiheit-liberte.ch\/fr_fr\/wp-json\/wp\/v2\/categories?post=291"},{"taxonomy":"post_tag","embeddable":true,"href":"https:\/\/freiheit-liberte.ch\/fr_fr\/wp-json\/wp\/v2\/tags?post=291"}],"curies":[{"name":"wp","href":"https:\/\/api.w.org\/{rel}","templated":true}]}}