{"id":159,"date":"2014-06-03T20:47:00","date_gmt":"2014-06-03T18:47:00","guid":{"rendered":"https:\/\/freiheit-liberte.ch\/?p=159"},"modified":"2023-09-19T21:03:01","modified_gmt":"2023-09-19T19:03:01","slug":"adriano-mannino-erhaelt-den-rostigen-paragraphen-2014","status":"publish","type":"post","link":"https:\/\/freiheit-liberte.ch\/fr_fr\/adriano-mannino-erhaelt-den-rostigen-paragraphen-2014\/","title":{"rendered":"Adriano Mannino re\u00e7oit le Paragraphe rouill\u00e9 2014"},"content":{"rendered":"<p>Bereits zum achten Mal zeichnet die IG Freiheit das unn\u00f6tigste und d\u00fcmmste Gesetz des Jahres mit dem \u201eRostigen Paragraphen\u201c aus. In diesem Jahr geht die Auszeichnung an Adriano Mannino, den Co-Pr\u00e4sidenten der Giordano Bruno Stiftung Schweiz. Er fordert ein Obligatorium f\u00fcr vegane Men\u00fcs in \u00f6ffentlichen Kantinen. Im Rahmen des Internet-Votings vereinigte diese unverst\u00e4ndliche Forderung am meisten Stimmen auf sich.<\/p>\n\n\n\n<p><a href=\"\/fr_fr\/galerie\/rostiger-paragraph-2015\/\">\u00bb St\u00f6bern Sie im Fotoalbum der diesj\u00e4hrigen Preisverleihung<\/a><\/p>\n\n\n\n<figure class=\"wp-block-image size-full\"><img loading=\"lazy\" decoding=\"async\" width=\"400\" height=\"600\" src=\"https:\/\/freiheit-liberte.ch\/wp-content\/uploads\/2023\/09\/csm_rostiger_paragraph_14_0645_small_ed89b0be17.jpg\" alt=\"\" class=\"wp-image-162\" srcset=\"https:\/\/freiheit-liberte.ch\/wp-content\/uploads\/2023\/09\/csm_rostiger_paragraph_14_0645_small_ed89b0be17.jpg 400w, https:\/\/freiheit-liberte.ch\/wp-content\/uploads\/2023\/09\/csm_rostiger_paragraph_14_0645_small_ed89b0be17-200x300.jpg 200w\" sizes=\"auto, (max-width: 400px) 100vw, 400px\" \/><\/figure>\n\n\n\n<h3 class=\"wp-block-heading\">Ressources li\u00e9es<\/h3>\n\n\n\n<ul class=\"wp-block-list\">\n<li><a href=\"\/wp-content\/uploads\/2023\/09\/140526_medienmitteilung_gewinner_rostiger_paragraph.pdf\" target=\"_blank\" rel=\"noreferrer noopener\">140526_medienmitteilung_gewinner_rostiger_paragraph.pdf<\/a> 238 KB<\/li>\n<\/ul>","protected":false},"excerpt":{"rendered":"<p>Bereits zum achten Mal zeichnet die IG Freiheit das unn\u00f6tigste und d\u00fcmmste Gesetz des Jahres mit dem \u201eRostigen Paragraphen\u201c aus. In diesem Jahr geht die Auszeichnung an Adriano Mannino, den Co-Pr\u00e4sidenten der Giordano Bruno Stiftung Schweiz. Er fordert ein Obligatorium f\u00fcr vegane Men\u00fcs in \u00f6ffentlichen Kantinen. Im Rahmen des Internet-Votings vereinigte diese unverst\u00e4ndliche Forderung am [&hellip;]<\/p>\n","protected":false},"author":1,"featured_media":162,"comment_status":"closed","ping_status":"closed","sticky":false,"template":"","format":"standard","meta":{"_acf_changed":false,"_seopress_robots_primary_cat":"none","_seopress_titles_title":"","_seopress_titles_desc":"","_seopress_robots_index":"","footnotes":"","_links_to":"","_links_to_target":""},"categories":[1],"tags":[],"class_list":["post-159","post","type-post","status-publish","format-standard","has-post-thumbnail","hentry","category-uncategorized"],"acf":[],"_links":{"self":[{"href":"https:\/\/freiheit-liberte.ch\/fr_fr\/wp-json\/wp\/v2\/posts\/159","targetHints":{"allow":["GET"]}}],"collection":[{"href":"https:\/\/freiheit-liberte.ch\/fr_fr\/wp-json\/wp\/v2\/posts"}],"about":[{"href":"https:\/\/freiheit-liberte.ch\/fr_fr\/wp-json\/wp\/v2\/types\/post"}],"author":[{"embeddable":true,"href":"https:\/\/freiheit-liberte.ch\/fr_fr\/wp-json\/wp\/v2\/users\/1"}],"replies":[{"embeddable":true,"href":"https:\/\/freiheit-liberte.ch\/fr_fr\/wp-json\/wp\/v2\/comments?post=159"}],"version-history":[{"count":3,"href":"https:\/\/freiheit-liberte.ch\/fr_fr\/wp-json\/wp\/v2\/posts\/159\/revisions"}],"predecessor-version":[{"id":187,"href":"https:\/\/freiheit-liberte.ch\/fr_fr\/wp-json\/wp\/v2\/posts\/159\/revisions\/187"}],"wp:featuredmedia":[{"embeddable":true,"href":"https:\/\/freiheit-liberte.ch\/fr_fr\/wp-json\/wp\/v2\/media\/162"}],"wp:attachment":[{"href":"https:\/\/freiheit-liberte.ch\/fr_fr\/wp-json\/wp\/v2\/media?parent=159"}],"wp:term":[{"taxonomy":"category","embeddable":true,"href":"https:\/\/freiheit-liberte.ch\/fr_fr\/wp-json\/wp\/v2\/categories?post=159"},{"taxonomy":"post_tag","embeddable":true,"href":"https:\/\/freiheit-liberte.ch\/fr_fr\/wp-json\/wp\/v2\/tags?post=159"}],"curies":[{"name":"wp","href":"https:\/\/api.w.org\/{rel}","templated":true}]}}